{"id":17374,"date":"2026-04-28T11:28:07","date_gmt":"2026-04-28T15:28:07","guid":{"rendered":"https:\/\/vicpark.com\/?p=17374"},"modified":"2026-04-28T11:28:07","modified_gmt":"2026-04-28T15:28:07","slug":"quest-ce-qui-cause-le-vieillissement-de-la-peau","status":"publish","type":"post","link":"https:\/\/vicpark.com\/fr\/quest-ce-qui-cause-le-vieillissement-de-la-peau\/","title":{"rendered":"Qu\u2019est-ce\u00a0qui cause le\u00a0vieillissement\u00a0de la\u00a0peau\u00a0?"},"content":{"rendered":"\n<div class=\"wp-block-columns is-layout-flex wp-container-core-columns-is-layout-28f84493 wp-block-columns-is-layout-flex\">\n<div class=\"wp-block-column is-layout-flow wp-block-column-is-layout-flow\">\n<div class=\"wp-block-group is-layout-constrained wp-block-group-is-layout-constrained\">\n<p>Pourquoi&nbsp;certaines&nbsp;personnes&nbsp;semblent-elles&nbsp;vieillir&nbsp;plus&nbsp;vite&nbsp;que&nbsp;d\u2019autres,&nbsp;m\u00eame&nbsp;en&nbsp;prenant&nbsp;grand&nbsp;soin&nbsp;de&nbsp;leur&nbsp;peau&nbsp;?&nbsp;<\/p>\n\n\n\n<p>Il est&nbsp;tentant&nbsp;de&nbsp;croire&nbsp;que&nbsp;tout est&nbsp;une&nbsp;question de&nbsp;g\u00e9n\u00e9tique. Beaucoup de patients&nbsp;regardent&nbsp;leurs&nbsp;parents et&nbsp;s\u2019attendent&nbsp;\u00e0&nbsp;ce&nbsp;que&nbsp;leur&nbsp;peau&nbsp;suive&nbsp;exactement&nbsp;la&nbsp;m\u00eame&nbsp;trajectoire. Autrefois,&nbsp;c\u2019\u00e9tait&nbsp;souvent&nbsp;le&nbsp;cas.&nbsp;<\/p>\n\n\n\n<p>Aujourd&#8217;hui, les&nbsp;choses&nbsp;sont&nbsp;beaucoup&nbsp;moins&nbsp;pr\u00e9visibles.&nbsp;<\/p>\n\n\n\n<p>Bien&nbsp;que&nbsp;la&nbsp;g\u00e9n\u00e9tique&nbsp;influence le&nbsp;comportement&nbsp;de&nbsp;votre&nbsp;peau,&nbsp;elle&nbsp;n\u2019est&nbsp;plus le&nbsp;facteur&nbsp;principal qui&nbsp;d\u00e9termine&nbsp;son&nbsp;vieillissement.&nbsp;Gr\u00e2ce&nbsp;\u00e0&nbsp;une&nbsp;meilleure&nbsp;compr\u00e9hension&nbsp;de la&nbsp;biologie&nbsp;cutan\u00e9e&nbsp;et \u00e0&nbsp;l\u2019\u00e9volution&nbsp;de la&nbsp;m\u00e9decine&nbsp;esth\u00e9tique, nous&nbsp;avons&nbsp;d\u00e9sormais&nbsp;le&nbsp;pouvoir&nbsp;d\u2019influencer&nbsp;le&nbsp;vieillissement&nbsp;de mani\u00e8re beaucoup plus significative.&nbsp;<\/p>\n\n\n\n<p class=\"has-regular-font-family\">Table de mati\u00e8res :<\/p>\n\n\n\n<p class=\"has-link-color wp-elements-117a9e3fff4354e8fb4ca2308c0e1a9e\"><a href=\"#Quelles-sont-les-causes-r\u00e9elles-du-vieillissement-cutan\u00e9\" type=\"internal\" id=\"#Quelles-sont-les-causes-r\u00e9elles-du-vieillissement-cutan\u00e9\">Quelles sont les causes r\u00e9elles du vieillissement cutan\u00e9 ?<\/a><\/p>\n\n\n\n<p class=\"has-link-color wp-elements-755ba759e231d14ae7a5669626965a6e\"><a href=\"#Le-vieillissement-cutan\u00e9-est-il-g\u00e9n\u00e9tique\" type=\"internal\" id=\"#Le-vieillissement-cutan\u00e9-est-il-g\u00e9n\u00e9tique\">Le vieillissement cutan\u00e9 est-il g\u00e9n\u00e9tique ?<\/a><\/p>\n\n\n\n<p class=\"has-link-color wp-elements-ef7ca24cd3f57d5448492b3213dd4515\"><a href=\"#Pourquoi-vous-pourriez-vieillir-diff\u00e9remment-de-vos-parents\" type=\"internal\" id=\"#Pourquoi-vous-pourriez-vieillir-diff\u00e9remment-de-vos-parents\">Pourquoi vous pourriez vieillir diff\u00e9remment de vos parents<\/a><\/p>\n\n\n\n<p class=\"has-link-color wp-elements-e40319b0dac4cf9d9b1e675a579ccf81\"><a href=\"#Ce-que-vous-ne-pouvez-pas-contr\u00f4ler-vs-ce-que-vous-pouvez-changer\" type=\"internal\" id=\"#Ce-que-vous-ne-pouvez-pas-contr\u00f4ler-vs-ce-que-vous-pouvez-changer\">Ce que vous ne pouvez pas contr\u00f4ler vs ce que vous pouvez changer<\/a><\/p>\n\n\n\n<p class=\"has-link-color wp-elements-108fc4b16cb3fc85223b727c0ffa9ce2\"><a href=\"#De-la-correction-\u00e0-la-r\u00e9g\u00e9n\u00e9ration\" type=\"internal\" id=\"#De-la-correction-\u00e0-la-r\u00e9g\u00e9n\u00e9ration\">De la correction \u00e0 la r\u00e9g\u00e9n\u00e9ration<\/a><\/p>\n\n\n\n<p class=\"has-link-color wp-elements-955c79b5a57df9b66b1ed899a6d1877d\"><a href=\"#Les-traitements-qui-influencent-le-vieillissement-de-la-peau\" type=\"internal\" id=\"#Les-traitements-qui-influencent-le-vieillissement-de-la-peau\">Les traitements qui influencent le vieillissement de la peau<\/a><\/p>\n\n\n\n<ul class=\"wp-block-list\">\n<li class=\"has-link-color wp-elements-8aaa2af527efced0939ace253ddb329d\"><a href=\"#Stimulation-du-collag\u00e8ne-:-reb\u00e2tir-les-fondations\" type=\"internal\" id=\"#Collagen-stimulation:-rebuilding-the-skin\u2019s-foundation\">Stimulation du collag\u00e8ne : reb\u00e2tir les fondations<\/a><\/li>\n\n\n\n<li class=\"has-link-color wp-elements-f948a9eecf35403d7cc0d790c7575e41\"><a href=\"#Th\u00e9rapies-r\u00e9g\u00e9n\u00e9ratrices-:-optimiser-la-r\u00e9paration\" type=\"internal\" id=\"#Th\u00e9rapies-r\u00e9g\u00e9n\u00e9ratrices-:-optimiser-la-r\u00e9paration\">Th\u00e9rapies r\u00e9g\u00e9n\u00e9ratrices : optimiser la r\u00e9paration<\/a><\/li>\n\n\n\n<li class=\"has-link-color wp-elements-7520707f842e4c378da7e34d9a4802e6\"><a href=\"#Fonction-cellulaire-:-une-peau-qui-agit-comme-si-elle-\u00e9tait-plus-jeune\" type=\"internal\" id=\"#Cellular-function:-helping-skin-behave-like-younger-skin\">Fonction cellulaire : une peau qui agit comme si elle \u00e9tait plus jeune<\/a><\/li>\n\n\n\n<li class=\"has-link-color wp-elements-f8139d94c26ab15d81d1f8f7e6588568\"><a href=\"#Qualit\u00e9-de-la-peau-:-am\u00e9liorer-l'environnement-interne\" type=\"internal\" id=\"#Qualit\u00e9-de-la-peau-:-am\u00e9liorer-l'environnement-interne\">Qualit\u00e9 de la peau : am\u00e9liorer l&#8217;environnement interne<\/a><\/li>\n<\/ul>\n\n\n\n<p class=\"has-link-color wp-elements-203ebe77b1c624bfc84f41e2aa02dc7e\"><a href=\"#Un-changement-de-philosophie\" type=\"internal\" id=\"#Un-changement-de-philosophie\">Un changement de philosophie<\/a><\/p>\n\n\n\n<p class=\"has-link-color wp-elements-fd4e91d9616345ba322f9cdf5ae08bd6\"><a href=\"#Quand-devriez-vous-envisager-un-traitement\" type=\"internal\" id=\"#Quand-devriez-vous-envisager-un-traitement\">Quand devriez-vous envisager un traitement ?<\/a><\/p>\n\n\n\n<p class=\"has-link-color wp-elements-bdf1ebccee77c064adc2b1d692dd2691\"><a href=\"#Conclusion\">Conclusion<\/a><\/p>\n<\/div>\n<\/div>\n<\/div>\n\n\n\n<div class=\"wp-block-group has-bleu-2-color has-text-color has-link-color wp-elements-60dcbfa5495176dedc79463f8f5e5e5a is-layout-constrained wp-block-group-is-layout-constrained\">\n<div style=\"height:30px\" aria-hidden=\"true\" class=\"wp-block-spacer\"><\/div>\n\n\n\n<hr class=\"wp-block-separator has-text-color has-black-color has-alpha-channel-opacity has-black-background-color has-background is-style-dots\"\/>\n<\/div>\n\n\n\n<div class=\"wp-block-columns is-layout-flex wp-container-core-columns-is-layout-28f84493 wp-block-columns-is-layout-flex\">\n<div class=\"wp-block-column is-layout-flow wp-block-column-is-layout-flow\">\n<div class=\"wp-block-group is-layout-constrained wp-block-group-is-layout-constrained\">\n<h2 class=\"wp-block-heading has-text-align-left has-x-large-font-size\" id=\"Quelles-sont-les-causes-r\u00e9elles-du-vieillissement-cutan\u00e9\" style=\"padding-top:var(--wp--preset--spacing--50)\"><strong><strong>Quelles sont les causes r\u00e9elles du vieillissement cutan\u00e9 ?<\/strong><\/strong><\/h2>\n\n\n\n<p class=\"has-link-color wp-elements-a2342eab641ce0c739d374d55e1197e9\">Le&nbsp;vieillissement&nbsp;de la&nbsp;peau&nbsp;n\u2019est&nbsp;pas un processus unique.&nbsp;C\u2019est&nbsp;le&nbsp;r\u00e9sultat&nbsp;de changements&nbsp;structurels&nbsp;internes&nbsp;combin\u00e9s&nbsp;\u00e0 la fa\u00e7on&nbsp;dont&nbsp;la&nbsp;peau&nbsp;r\u00e9agit&nbsp;\u00e0 son&nbsp;environnement&nbsp;au fil du temps.&nbsp;<\/p>\n\n\n\n<p>Sur le plan&nbsp;biologique, le&nbsp;vieillissement&nbsp;d\u00e9bute&nbsp;par&nbsp;une&nbsp;baisse&nbsp;progressive de la production de&nbsp;collag\u00e8ne. Les&nbsp;fibroblastes, qui&nbsp;sont&nbsp;les cellules&nbsp;charg\u00e9es&nbsp;de&nbsp;fabriquer&nbsp;ce&nbsp;collag\u00e8ne,&nbsp;deviennent&nbsp;moins&nbsp;actifs. La&nbsp;peau&nbsp;perd&nbsp;alors&nbsp;en&nbsp;densit\u00e9,&nbsp;en&nbsp;\u00e9lasticit\u00e9&nbsp;et&nbsp;sa&nbsp;capacit\u00e9&nbsp;de&nbsp;r\u00e9paration&nbsp;s&#8217;affaiblit.&nbsp;<\/p>\n\n\n\n<p>C&#8217;est&nbsp;la base du processus, et tout le monde y est&nbsp;confront\u00e9.&nbsp;<\/p>\n\n\n\n<p>Cependant, la fa\u00e7on dont ces changements apparaissent&nbsp;varie&nbsp;d&#8217;une personne \u00e0 l&#8217;autre. Au fil des ann\u00e9es, des agressions ext\u00e9rieures peuvent acc\u00e9l\u00e9rer leur apparition. Ainsi, le vieillissement se manifeste diff\u00e9remment selon chacun. Ce n&#8217;est pas uniquement li\u00e9 \u00e0 la quantit\u00e9 de collag\u00e8ne perdu, mais aussi \u00e0 la capacit\u00e9 de votre peau \u00e0 rester saine tout au long du processus.&nbsp;<\/p>\n<\/div>\n<\/div>\n<\/div>\n\n\n\n<div class=\"wp-block-group has-bleu-2-color has-text-color has-link-color wp-elements-60dcbfa5495176dedc79463f8f5e5e5a is-layout-constrained wp-block-group-is-layout-constrained\">\n<div style=\"height:30px\" aria-hidden=\"true\" class=\"wp-block-spacer\"><\/div>\n\n\n\n<hr class=\"wp-block-separator has-text-color has-black-color has-alpha-channel-opacity has-black-background-color has-background is-style-dots\"\/>\n<\/div>\n\n\n\n<div class=\"wp-block-columns is-layout-flex wp-container-core-columns-is-layout-28f84493 wp-block-columns-is-layout-flex\">\n<div class=\"wp-block-column is-layout-flow wp-block-column-is-layout-flow\">\n<div class=\"wp-block-group is-layout-constrained wp-block-group-is-layout-constrained\">\n<h2 class=\"wp-block-heading has-text-align-left has-x-large-font-size\" id=\"Le-vieillissement-cutan\u00e9-est-il-g\u00e9n\u00e9tique\" style=\"padding-top:var(--wp--preset--spacing--50)\"><strong><strong><strong>Le vieillissement cutan\u00e9 est-il g\u00e9n\u00e9tique ?<\/strong><\/strong><\/strong><\/h2>\n\n\n\n<p>Votre patrimoine g\u00e9n\u00e9tique repr\u00e9sente un point de d\u00e9part, mais il ne pr\u00e9dit pas votre apparence future.<\/p>\n\n\n\n<p>Il joue un r\u00f4le dans des aspects tels que l&#8217;\u00e9paisseur de la peau, sa sensibilit\u00e9 et la production de collag\u00e8ne au d\u00e9but de la vie, sans toutefois d\u00e9terminer comment votre peau \u00e9voluera dans dix ou vingt ans.<\/p>\n\n\n\n<p>En clinique, nous observons souvent que deux personnes ayant un profil g\u00e9n\u00e9tique similaire peuvent pr\u00e9senter un vieillissement cutan\u00e9 tr\u00e8s diff\u00e9rent, selon les soins apport\u00e9s \u00e0 leur peau au fil du temps. Cette diff\u00e9rence est fondamentale, car elle transforme ce qui pourrait \u00eatre per\u00e7u comme une fatalit\u00e9 en une v\u00e9ritable possibilit\u00e9 d\u2019agir.<\/p>\n<\/div>\n<\/div>\n<\/div>\n\n\n\n<div class=\"wp-block-group has-bleu-2-color has-text-color has-link-color wp-elements-60dcbfa5495176dedc79463f8f5e5e5a is-layout-constrained wp-block-group-is-layout-constrained\">\n<div style=\"height:30px\" aria-hidden=\"true\" class=\"wp-block-spacer\"><\/div>\n\n\n\n<hr class=\"wp-block-separator has-text-color has-black-color has-alpha-channel-opacity has-black-background-color has-background is-style-dots\"\/>\n<\/div>\n\n\n\n<div class=\"wp-block-columns is-layout-flex wp-container-core-columns-is-layout-28f84493 wp-block-columns-is-layout-flex\">\n<div class=\"wp-block-column is-layout-flow wp-block-column-is-layout-flow\">\n<div class=\"wp-block-group is-layout-constrained wp-block-group-is-layout-constrained\">\n<h2 class=\"wp-block-heading has-text-align-left has-x-large-font-size\" id=\"Pourquoi-vous-pourriez-vieillir-diff\u00e9remment-de-vos-parents\" style=\"padding-top:var(--wp--preset--spacing--50)\"><strong>Pourquoi vous pourriez vieillir diff\u00e9remment de vos parents<\/strong><\/h2>\n\n\n\n<p>L\u2019un des changements les plus marquants en m\u00e9decine esth\u00e9tique est d\u2019ordre g\u00e9n\u00e9rationnel.<\/p>\n\n\n\n<p>De nos jours, les patients vieillissent souvent diff\u00e9remment de leurs parents, non pas en raison de modifications de leur ADN, mais parce qu\u2019ils b\u00e9n\u00e9ficient de soins pr\u00e9ventifs qui n\u2019existaient pas auparavant. Les g\u00e9n\u00e9rations pass\u00e9es n\u2019appliquaient pas l\u2019\u00e9cran solaire aussi r\u00e9guli\u00e8rement, les soins dermatologiques de qualit\u00e9 m\u00e9dicale \u00e9taient rares, et surtout, les traitements favorisant la production de collag\u00e8ne et la fonction cellulaire n\u2019\u00e9taient pas courants.<\/p>\n\n\n\n<p>D\u00e9sormais, nous intervenons plus t\u00f4t.<\/p>\n\n\n\n<p>Au lieu d\u2019attendre que les signes de l&#8217;\u00e2ge s&#8217;installent, nous nous concentrons sur le maintien de la qualit\u00e9 de la peau avant qu\u2019un d\u00e9clin important ne survienne. Avec le temps, cela permet d&#8217;obtenir une peau \u00e0 l&#8217;apparence plus stable et plus saine.<\/p>\n<\/div>\n<\/div>\n<\/div>\n\n\n\n<div class=\"wp-block-group has-bleu-2-color has-text-color has-link-color wp-elements-60dcbfa5495176dedc79463f8f5e5e5a is-layout-constrained wp-block-group-is-layout-constrained\">\n<div style=\"height:30px\" aria-hidden=\"true\" class=\"wp-block-spacer\"><\/div>\n\n\n\n<hr class=\"wp-block-separator has-text-color has-black-color has-alpha-channel-opacity has-black-background-color has-background is-style-dots\"\/>\n<\/div>\n\n\n\n<div class=\"wp-block-columns is-layout-flex wp-container-core-columns-is-layout-28f84493 wp-block-columns-is-layout-flex\">\n<div class=\"wp-block-column is-layout-flow wp-block-column-is-layout-flow\">\n<div class=\"wp-block-group is-layout-constrained wp-block-group-is-layout-constrained\">\n<h2 class=\"wp-block-heading has-text-align-left has-x-large-font-size\" id=\"Ce-que-vous-ne-pouvez-pas-contr\u00f4ler-vs-ce-que-vous-pouvez-changer\" style=\"padding-top:var(--wp--preset--spacing--50)\"><strong>Ce que vous ne pouvez pas contr\u00f4ler vs ce que vous pouvez changer<\/strong><\/h2>\n\n\n\n<p>Certains aspects du vieillissement sont in\u00e9vitables. Le collag\u00e8ne diminuera et la peau changera. On ne peut pas arr\u00eater ce processus naturel.<\/p>\n\n\n\n<p>Toutefois, on peut influencer la capacit\u00e9 de la peau \u00e0 maintenir sa structure et ses fonctions pendant que cela se produit.<\/p>\n\n\n\n<p>C\u2019est l\u00e0 que la m\u00e9decine esth\u00e9tique moderne a \u00e9volu\u00e9. L\u2019objectif n\u2019est plus seulement de remplacer ce qui est perdu, mais de soutenir la peau pour que cette perte survienne plus lentement et de fa\u00e7on plus subtile.<\/p>\n<\/div>\n<\/div>\n<\/div>\n\n\n\n<div class=\"wp-block-group is-layout-constrained wp-block-group-is-layout-constrained\">\n<div style=\"height:30px\" aria-hidden=\"true\" class=\"wp-block-spacer\"><\/div>\n\n\n\n<hr class=\"wp-block-separator has-alpha-channel-opacity is-style-dots\"\/>\n<\/div>\n\n\n\n<div class=\"wp-block-columns is-layout-flex wp-container-core-columns-is-layout-28f84493 wp-block-columns-is-layout-flex\">\n<div class=\"wp-block-column is-layout-flow wp-block-column-is-layout-flow\">\n<div class=\"wp-block-group is-layout-constrained wp-block-group-is-layout-constrained\">\n<h2 class=\"wp-block-heading has-x-large-font-size\" id=\"De-la-correction-\u00e0-la-r\u00e9g\u00e9n\u00e9ration\" style=\"padding-top:var(--wp--preset--spacing--50)\"><strong><strong>De la correction \u00e0 la r\u00e9g\u00e9n\u00e9ration<\/strong><\/strong><\/h2>\n\n\n\n<p>Historiquement, les traitements \u00e9taient con\u00e7us pour corriger les signes visibles du vieillissement. Aujourd&#8217;hui, l\u2019accent est mis sur la r\u00e9g\u00e9n\u00e9ration.<\/p>\n\n\n\n<p>Plut\u00f4t que d&#8217;attendre les changements structurels pour tenter de les inverser, nous travaillons avec la peau d\u00e8s le d\u00e9part en soutenant les processus biologiques qui la gardent en sant\u00e9. Cette approche est souvent appel\u00e9e \u00ab pr\u00e9juvenation \u00bb, mais au fond, il s&#8217;agit simplement de pr\u00e9server l&#8217;int\u00e9grit\u00e9 de la peau \u00e0 long terme.<\/p>\n<\/div>\n<\/div>\n<\/div>\n\n\n\n<div class=\"wp-block-group is-layout-constrained wp-block-group-is-layout-constrained\">\n<div style=\"height:30px\" aria-hidden=\"true\" class=\"wp-block-spacer\"><\/div>\n\n\n\n<hr class=\"wp-block-separator has-alpha-channel-opacity is-style-dots\"\/>\n<\/div>\n\n\n\n<div class=\"wp-block-columns is-layout-flex wp-container-core-columns-is-layout-28f84493 wp-block-columns-is-layout-flex\">\n<div class=\"wp-block-column is-layout-flow wp-block-column-is-layout-flow\">\n<div class=\"wp-block-group is-layout-constrained wp-block-group-is-layout-constrained\">\n<h2 class=\"wp-block-heading has-x-large-font-size\" id=\"Les-traitements-qui-influencent-le-vieillissement-de-la-peau\" style=\"padding-top:var(--wp--preset--spacing--50)\"><strong>Les traitements qui influencent le vieillissement de la peau<\/strong><\/h2>\n\n\n\n<p>Ce qui d\u00e9finit les traitements esth\u00e9tiques modernes, c\u2019est leur mode d\u2019action. Les soins les plus performants ne se contentent pas de modifier la surface ; ils influencent la fa\u00e7on dont la peau fonctionne, se r\u00e9pare et se maintient.<\/p>\n\n\n\n<h3 class=\"wp-block-heading has-orange-color has-text-color has-link-color wp-elements-0035590a4ddb43c6e6d90cdd46880f77\" id=\"Stimulation-du-collag\u00e8ne-:-reb\u00e2tir-les-fondations\">Stimulation du collag\u00e8ne : reb\u00e2tir les fondations<\/h3>\n\n\n\n<p>Avec l\u2019\u00e2ge, la capacit\u00e9 de la peau \u00e0 produire du collag\u00e8ne ralentit naturellement, entra\u00eenant une perte de fermet\u00e9.<\/p>\n\n\n\n<p class=\"has-link-color wp-elements-7aae473b49b7e01472699b8c3562a926\">Les <a href=\"https:\/\/vicpark.com\/fr\/traitement\/injections-esthetiques\/traitement-sculptra\/\" type=\"link\" id=\"https:\/\/vicpark.com\/fr\/traitement\/injections-esthetiques\/traitement-sculptra\/\"><strong>biostimulateurs<\/strong><\/a> sont con\u00e7us pour r\u00e9activer ce processus en stimulant les cellules responsables de la production de collag\u00e8ne. Plut\u00f4t que de cr\u00e9er un changement instantan\u00e9 et artificiel, ils encouragent votre peau \u00e0 reconstruire son propre syst\u00e8me de soutien.<\/p>\n\n\n\n<p><strong>Le r\u00e9sultat ? Une peau :<\/strong><\/p>\n\n\n\n<ul class=\"wp-block-list\">\n<li>Plus ferme<\/li>\n<\/ul>\n\n\n\n<ul class=\"wp-block-list\">\n<li>Plus r\u00e9siliente<\/li>\n<\/ul>\n\n\n\n<ul class=\"wp-block-list\">\n<li>Mieux structur\u00e9e<\/li>\n<\/ul>\n\n\n\n<p class=\"has-link-color wp-elements-f95f4bf887afab5819fbf6b34779ff49\">Le <a href=\"https:\/\/vicpark.com\/fr\/traitement\/soins-pour-la-peau\/microaiguillage\/\"><strong>micro-aiguillage<\/strong><\/a> travaille de mani\u00e8re compl\u00e9mentaire. En cr\u00e9ant de micro-perforations contr\u00f4l\u00e9es, il d\u00e9clenche une r\u00e9ponse naturelle de r\u00e9paration. En cicatrisant, la peau produit plus de collag\u00e8ne et d\u2019\u00e9lastine, am\u00e9liorant ainsi sa texture et sa qualit\u00e9 globale.<\/p>\n\n\n\n<h3 class=\"wp-block-heading has-orange-color has-text-color has-link-color wp-elements-f5299ccf4c92592ba68304ed7b35caff\" id=\"Th\u00e9rapies-r\u00e9g\u00e9n\u00e9ratrices-:-optimiser-la-r\u00e9paration\">Th\u00e9rapies r\u00e9g\u00e9n\u00e9ratrices : optimiser la r\u00e9paration<\/h3>\n\n\n\n<p>Les traitements r\u00e9g\u00e9n\u00e9rateurs vont encore plus loin.<\/p>\n\n\n\n<p>Le PDRN (souvent appel\u00e9 VAMP) est un soin topique compos\u00e9 de fragments d&#8217;ADN qui aident la peau \u00e0 se r\u00e9parer elle-m\u00eame. Il s&#8217;applique sur la peau, souvent apr\u00e8s des traitements comme la micro-aiguillage, pour favoriser une meilleure absorption. Il agit en calmant l&#8217;inflammation et en acc\u00e9l\u00e9rant le renouvellement cellulaire, aidant la peau \u00e0 gu\u00e9rir et \u00e0 r\u00e9cup\u00e9rer plus efficacement. Le r\u00e9sultat : une peau plus lisse, plus forte et plus saine avec le temps.<\/p>\n\n\n\n<p>Les <a href=\"https:\/\/vicpark.com\/fr\/traitement\/soins-pour-la-peau\/therapie-aux-exosomes\/\"><strong>exosomes<\/strong><\/a> jouent un r\u00f4le de messagers entre les cellules. Ils transmettent des signaux qui favorisent la coordination de la r\u00e9paration, am\u00e9liorent la communication cellulaire et optimisent le processus de gu\u00e9rison. Plut\u00f4t que de simplement d\u00e9clencher la r\u00e9g\u00e9n\u00e9ration, ils permettent \u00e0 celle-ci de se faire de fa\u00e7on plus efficace.<\/p>\n\n\n\n<p>Ces traitements ne modifient pas la peau de mani\u00e8re artificielle : ils viennent plut\u00f4t soutenir et renforcer sa capacit\u00e9 naturelle \u00e0 se r\u00e9parer.<\/p>\n\n\n\n<h3 class=\"wp-block-heading has-orange-color has-text-color has-link-color wp-elements-6dd0cc507b4855ca6d20bb616cd19b7a\" id=\"Fonction-cellulaire-:-une-peau-qui-agit-comme-si-elle-\u00e9tait-plus-jeune\">Fonction cellulaire : une peau qui agit comme si elle \u00e9tait plus jeune<\/h3>\n\n\n\n<p>Le vieillissement touche aussi le comportement des cellules, qui deviennent plus lentes. La technologie de <a href=\"https:\/\/vicpark.com\/fr\/traitement\/nos-lasers\/forever-young-bbl\/\"><strong>lumi\u00e8res \u00e0 large bande (BBL)<\/strong><\/a> ne traite pas seulement les taches pigmentaires ; elle influence l\u2019expression g\u00e9n\u00e9tique des cellules cutan\u00e9es pour les inciter \u00e0 se comporter comme des cellules plus jeunes.<\/p>\n\n\n\n<h3 class=\"wp-block-heading has-orange-color has-text-color has-link-color wp-elements-017d5f87e81171c83f0031da651a38fc\" id=\"Qualit\u00e9-de-la-peau-:-am\u00e9liorer-l'environnement-interne\">Qualit\u00e9 de la peau : am\u00e9liorer l&#8217;environnement interne<\/h3>\n\n\n\n<p>Une peau saine a besoin d&#8217;hydratation et de nutriments. Les <a href=\"https:\/\/vicpark.com\/fr\/traitement\/injections-esthetiques\/injections-de-skinboosters\/\"><strong>skin boosters \u00e0 base d&#8217;acide hyaluronique<\/strong><\/a> hydratent en profondeur et am\u00e9liorent la fermet\u00e9, tandis que le NCTF (un m\u00e9lange de vitamines, d&#8217;acides amin\u00e9s et d&#8217;antioxydants) stimule la microcirculation et revitalise la peau.<\/p>\n\n\n\n<p>Les gens choisissent ces soins non pas pour transformer leurs traits, mais pour restaurer une peau qui semble fatigu\u00e9e ou r\u00e9active.<\/p>\n<\/div>\n<\/div>\n<\/div>\n\n\n\n<div class=\"wp-block-group is-layout-constrained wp-block-group-is-layout-constrained\">\n<div style=\"height:30px\" aria-hidden=\"true\" class=\"wp-block-spacer\"><\/div>\n\n\n\n<hr class=\"wp-block-separator has-alpha-channel-opacity is-style-dots\"\/>\n<\/div>\n\n\n\n<div class=\"wp-block-columns is-layout-flex wp-container-core-columns-is-layout-28f84493 wp-block-columns-is-layout-flex\">\n<div class=\"wp-block-column is-layout-flow wp-block-column-is-layout-flow\">\n<div class=\"wp-block-group is-layout-constrained wp-block-group-is-layout-constrained\">\n<h2 class=\"wp-block-heading has-x-large-font-size\" id=\"Un-changement-de-philosophie\" style=\"padding-top:var(--wp--preset--spacing--50)\"><strong><strong>Un changement de philosophie<\/strong><\/strong><\/h2>\n\n\n\n<p class=\"has-link-color wp-elements-42c40c746dff37eb5ab6ce3e9f3a1dfd\">Nous ne sommes plus limit\u00e9s \u00e0 corriger les dommages apr\u00e8s coup. Nous pouvons d\u00e9sormais :<\/p>\n\n\n\n<ul class=\"wp-block-list\">\n<li>Soutenir le collag\u00e8ne avant une perte importante.<\/li>\n<\/ul>\n\n\n\n<ul class=\"wp-block-list\">\n<li>Am\u00e9liorer la capacit\u00e9 de r\u00e9paration de la peau.<\/li>\n<\/ul>\n\n\n\n<ul class=\"wp-block-list\">\n<li>Influencer le comportement des cellules au fil du temps.<\/li>\n<\/ul>\n\n\n\n<p>C\u2019est ce qui permet \u00e0 la peau de vieillir de mani\u00e8re plus graduelle, pr\u00e9visible et naturelle.<\/p>\n<\/div>\n<\/div>\n<\/div>\n\n\n\n<div class=\"wp-block-group is-layout-constrained wp-block-group-is-layout-constrained\">\n<div style=\"height:30px\" aria-hidden=\"true\" class=\"wp-block-spacer\"><\/div>\n\n\n\n<hr class=\"wp-block-separator has-alpha-channel-opacity is-style-dots\"\/>\n<\/div>\n\n\n\n<div class=\"wp-block-columns is-layout-flex wp-container-core-columns-is-layout-28f84493 wp-block-columns-is-layout-flex\">\n<div class=\"wp-block-column is-layout-flow wp-block-column-is-layout-flow\">\n<div class=\"wp-block-group is-layout-constrained wp-block-group-is-layout-constrained\">\n<h2 class=\"wp-block-heading has-x-large-font-size\" id=\"Quand-devriez-vous-envisager-un-traitement\" style=\"padding-top:var(--wp--preset--spacing--50)\"><strong><strong>Quand devriez-vous envisager un traitement ?<\/strong><\/strong><\/h2>\n\n\n\n<p class=\"has-link-color wp-elements-81ad3250e9e84ebb971f284caae81faa\">Il n\u2019y a pas d\u2019\u00e2ge pr\u00e9cis. C\u2019est souvent un changement subtil qui nous donne le signal : une peau moins rebondie, des ridules qui persistent ou un teint plus terne. C\u2019est le moment id\u00e9al pour adopter une approche proactive.<\/p>\n<\/div>\n<\/div>\n<\/div>\n\n\n\n<div class=\"wp-block-group is-layout-constrained wp-block-group-is-layout-constrained\">\n<div style=\"height:30px\" aria-hidden=\"true\" class=\"wp-block-spacer\"><\/div>\n\n\n\n<hr class=\"wp-block-separator has-alpha-channel-opacity is-style-dots\"\/>\n<\/div>\n\n\n\n<div class=\"wp-block-columns is-layout-flex wp-container-core-columns-is-layout-28f84493 wp-block-columns-is-layout-flex\">\n<div class=\"wp-block-column is-layout-flow wp-block-column-is-layout-flow\">\n<div class=\"wp-block-group is-layout-constrained wp-block-group-is-layout-constrained\">\n<h2 class=\"wp-block-heading has-x-large-font-size\" id=\"Conclusion\" style=\"padding-top:var(--wp--preset--spacing--50)\"><strong><strong><strong>Conclusion<\/strong><\/strong><\/strong><\/h2>\n\n\n\n<p>La g\u00e9n\u00e9tique compte, mais elle ne d\u00e9finit plus votre futur. Vous ne pouvez pas changer votre ADN, mais vous pouvez influencer la fa\u00e7on dont votre peau traverse le temps.<\/p>\n\n\n\n<p>Si vous remarquez des changements ou si vous souhaitez pr\u00e9venir les signes de l&#8217;\u00e2ge, un plan personnalis\u00e9 peut faire toute la diff\u00e9rence.<\/p>\n\n\n\n<p>Prenez rendez-vous pour une consultation avec l&#8217;un de nos experts au M\u00e9dispa Victoria Park pour mieux comprendre les besoins uniques de votre peau.<\/p>\n\n\n\n<p><strong>Incarnez votre extraordinaire<\/strong>.<\/p>\n<\/div>\n<\/div>\n<\/div>\n\n\n\n<div class=\"wp-block-buttons is-layout-flex wp-block-buttons-is-layout-flex\">\n<div class=\"wp-block-button\"><a class=\"wp-block-button__link has-cream-color has-luminous-vivid-orange-background-color has-text-color has-background has-link-color wp-element-button\" href=\"https:\/\/vicpark.com\/fr\/trouver-une-clinique\/\">Prendre rendez-vous<\/a><\/div>\n<\/div>\n\n\n\n<div class=\"wp-block-group is-layout-constrained wp-block-group-is-layout-constrained\">\n<div style=\"height:30px\" aria-hidden=\"true\" class=\"wp-block-spacer\"><\/div>\n\n\n\n<hr class=\"wp-block-separator has-alpha-channel-opacity is-style-dots\"\/>\n<\/div>\n\n\n<div class=\"bk-article-accueil wrapper \">\r\n        <header>\r\n        <h2 class=\"t-left-animation delay\">Articles<br>R\u00e9cents<\/h2>\r\n            <\/header>\r\n        <div class=\"container-article wp-block-post-template\">\r\n        <div class=\"wp-block-query wrapper\">\r\n            <ul class=\"wp-block-post-template\">\r\n                                    <li class=\"wp-block-post\">\r\n                        <div class=\"wp-block-group art-class\">\r\n                            <div class=\"overlay\"><\/div>\r\n                            <a href=\"https:\/\/vicpark.com\/fr\/est-ce-que-coolsculpting-fonctionne-vraiment\/\" target=\"_self\">\r\n                                <figure class=\"wp-block-post-featured-image\">\r\n                                    <img decoding=\"async\" src=\"https:\/\/vicpark.com\/wp-content\/uploads\/2026\/03\/Victoria-Park-Medispa-Old-Montreal-June-2024-78-1.jpg\"  alt=\"Est-ce que CoolSculpting fonctionne vraiment ?\" >\r\n                                <\/figure>\r\n                                <div class=\"bottom-container\">\r\n                                    <div class=\"wp-block-group art-bottom \">\r\n                                        <h2 class=\"wp-block-post-title\" style=\"text-indent: 0;\">Est-ce que CoolSculpting fonctionne vraiment ?<\/h2>\r\n                                    <\/div>\r\n                                    <span class=\"wp-block-read-more\" href=\"https:\/\/vicpark.com\/fr\/est-ce-que-coolsculpting-fonctionne-vraiment\/\" target=\"_self\">Lire<span class=\"screen-reader-text\">: Est-ce que CoolSculpting fonctionne vraiment ?<\/span><\/span>\r\n                                <\/div>\r\n                            <\/a>\r\n                        <\/div>\r\n                    <\/li>\r\n                                        <li class=\"wp-block-post\">\r\n                        <div class=\"wp-block-group art-class\">\r\n                            <div class=\"overlay\"><\/div>\r\n                            <a href=\"https:\/\/vicpark.com\/fr\/comprendre-et-traiter-les-changements-du-visage-et-du-corps-apres-le-glp-1\/\" target=\"_self\">\r\n                                <figure class=\"wp-block-post-featured-image\">\r\n                                    <img decoding=\"async\" src=\"https:\/\/vicpark.com\/wp-content\/uploads\/2024\/05\/VictoriaPark_Marie-Pierre_5994-scaled.jpg\"  alt=\"Comprendre et traiter les changements du visage et du corps apr\u00e8s le GLP-1\" >\r\n                                <\/figure>\r\n                                <div class=\"bottom-container\">\r\n                                    <div class=\"wp-block-group art-bottom \">\r\n                                        <h2 class=\"wp-block-post-title\" style=\"text-indent: 0;\">Comprendre et traiter les changements du visage et du corps apr\u00e8s le GLP-1<\/h2>\r\n                                    <\/div>\r\n                                    <span class=\"wp-block-read-more\" href=\"https:\/\/vicpark.com\/fr\/comprendre-et-traiter-les-changements-du-visage-et-du-corps-apres-le-glp-1\/\" target=\"_self\">Lire<span class=\"screen-reader-text\">: Comprendre et traiter les changements du visage et du corps apr\u00e8s le GLP-1<\/span><\/span>\r\n                                <\/div>\r\n                            <\/a>\r\n                        <\/div>\r\n                    <\/li>\r\n                                        <li class=\"wp-block-post\">\r\n                        <div class=\"wp-block-group art-class\">\r\n                            <div class=\"overlay\"><\/div>\r\n                            <a href=\"https:\/\/vicpark.com\/fr\/le-medispa-victoria-park-simplante-dans-louest-canadien-avec-lacquisition-de-phi-medical-aesthetics\/\" target=\"_self\">\r\n                                <figure class=\"wp-block-post-featured-image\">\r\n                                    <img decoding=\"async\" src=\"https:\/\/vicpark.com\/wp-content\/uploads\/2025\/09\/VicPark_BG_d7a17e_V1-1.jpg\"  alt=\"Le M\u00e9dispa Victoria Park s\u2019implante dans l\u2019Ouest canadien avec l\u2019acquisition de PHI Medical Aesthetics\" >\r\n                                <\/figure>\r\n                                <div class=\"bottom-container\">\r\n                                    <div class=\"wp-block-group art-bottom \">\r\n                                        <h2 class=\"wp-block-post-title\" style=\"text-indent: 0;\">Le M\u00e9dispa Victoria Park s\u2019implante dans l\u2019Ouest canadien avec l\u2019acquisition de PHI Medical Aesthetics<\/h2>\r\n                                    <\/div>\r\n                                    <span class=\"wp-block-read-more\" href=\"https:\/\/vicpark.com\/fr\/le-medispa-victoria-park-simplante-dans-louest-canadien-avec-lacquisition-de-phi-medical-aesthetics\/\" target=\"_self\">Lire<span class=\"screen-reader-text\">: Le M\u00e9dispa Victoria Park s\u2019implante dans l\u2019Ouest canadien avec l\u2019acquisition de PHI Medical Aesthetics<\/span><\/span>\r\n                                <\/div>\r\n                            <\/a>\r\n                        <\/div>\r\n                    <\/li>\r\n                                <\/ul>\r\n            <div class=\"wp-block-button main-button\"><a target=\"\" href=\"https:\/\/vicpark.com\/fr\/a-propos\/blogue\/\" class=\"wp-element-button block-product-button\">Visiter le blogue<\/a><\/div>        <\/div>\r\n    <\/div>\r\n<\/div>","protected":false},"excerpt":{"rendered":"<p>Pourquoi&nbsp;certaines&nbsp;personnes&nbsp;semblent-elles&nbsp;vieillir&nbsp;plus&nbsp;vite&nbsp;que&nbsp;d\u2019autres,&nbsp;m\u00eame&nbsp;en&nbsp;prenant&nbsp;grand&nbsp;soin&nbsp;de&nbsp;leur&nbsp;peau&nbsp;?&nbsp; Il est&nbsp;tentant&nbsp;de&nbsp;croire&nbsp;que&nbsp;tout est&nbsp;une&nbsp;question de&nbsp;g\u00e9n\u00e9tique. Beaucoup de patients&nbsp;regardent&nbsp;leurs&nbsp;parents et&nbsp;s\u2019attendent&nbsp;\u00e0&nbsp;ce&nbsp;que&nbsp;leur&nbsp;peau&nbsp;suive&nbsp;exactement&nbsp;la&nbsp;m\u00eame&nbsp;trajectoire. Autrefois,&nbsp;c\u2019\u00e9tait&nbsp;souvent&nbsp;le&nbsp;cas.&nbsp; Aujourd&#8217;hui, les&nbsp;choses&nbsp;sont&nbsp;beaucoup&nbsp;moins&nbsp;pr\u00e9visibles.&nbsp; Bien&nbsp;que&nbsp;la&nbsp;g\u00e9n\u00e9tique&nbsp;influence le&nbsp;comportement&nbsp;de&nbsp;votre&nbsp;peau,&nbsp;elle&nbsp;n\u2019est&nbsp;plus le&nbsp;facteur&nbsp;principal qui&nbsp;d\u00e9termine&nbsp;son&nbsp;vieillissement.&nbsp;Gr\u00e2ce&nbsp;\u00e0&nbsp;une&nbsp;meilleure&nbsp;compr\u00e9hension&nbsp;de la&nbsp;biologie&nbsp;cutan\u00e9e&nbsp;et \u00e0&nbsp;l\u2019\u00e9volution&nbsp;de la&nbsp;m\u00e9decine&nbsp;esth\u00e9tique, nous&nbsp;avons&nbsp;d\u00e9sormais&nbsp;le&nbsp;pouvoir&nbsp;d\u2019influencer&nbsp;le&nbsp;vieillissement&nbsp;de mani\u00e8re beaucoup plus significative.&nbsp; Table de mati\u00e8res : Quelles sont les causes r\u00e9elles du vieillissement cutan\u00e9 ? Le vieillissement cutan\u00e9 est-il g\u00e9n\u00e9tique ? Pourquoi vous pourriez vieillir diff\u00e9remment de vos parents Ce que vous ne [&hellip;]<\/p>\n","protected":false},"author":17,"featured_media":10513,"comment_status":"closed","ping_status":"closed","sticky":false,"template":"","format":"standard","meta":{"_acf_changed":false,"_kad_blocks_custom_css":"","_kad_blocks_head_custom_js":"","_kad_blocks_body_custom_js":"","_kad_blocks_footer_custom_js":"","footnotes":""},"categories":[52,52],"tags":[],"class_list":["post-17374","post","type-post","status-publish","format-standard","has-post-thumbnail","hentry","category-non-classifiee"],"acf":[],"yoast_head":"<!-- This site is optimized with the Yoast SEO plugin v27.4 - https:\/\/yoast.com\/product\/yoast-seo-wordpress\/ -->\n<title>Qu\u2019est-ce\u00a0qui cause le\u00a0vieillissement\u00a0de la\u00a0peau\u00a0?<\/title>\n<meta name=\"description\" content=\"Que pouvez-vous contr\u00f4ler ? D\u00e9couvrez les facteurs des ridules et des rides, et comment les traitements peuvent aider.\" \/>\n<meta name=\"robots\" content=\"index, follow, max-snippet:-1, max-image-preview:large, max-video-preview:-1\" \/>\n<link rel=\"canonical\" href=\"https:\/\/vicpark.com\/fr\/quest-ce-qui-cause-le-vieillissement-de-la-peau\/\" \/>\n<meta property=\"og:locale\" content=\"fr_FR\" \/>\n<meta property=\"og:type\" content=\"article\" \/>\n<meta property=\"og:title\" content=\"Qu\u2019est-ce\u00a0qui cause le\u00a0vieillissement\u00a0de la\u00a0peau\u00a0?\" \/>\n<meta property=\"og:description\" content=\"Que pouvez-vous contr\u00f4ler ? D\u00e9couvrez les facteurs des ridules et des rides, et comment les traitements peuvent aider.\" \/>\n<meta property=\"og:url\" content=\"https:\/\/vicpark.com\/fr\/quest-ce-qui-cause-le-vieillissement-de-la-peau\/\" \/>\n<meta property=\"og:site_name\" content=\"Victoria Park Medispa\" \/>\n<meta property=\"article:publisher\" content=\"https:\/\/www.facebook.com\/VicParkMedispa\" \/>\n<meta property=\"article:published_time\" content=\"2026-04-28T15:28:07+00:00\" \/>\n<meta property=\"og:image\" content=\"https:\/\/vicpark.com\/wp-content\/uploads\/2025\/08\/170424_cell_6k-864x1024.png\" \/>\n\t<meta property=\"og:image:width\" content=\"864\" \/>\n\t<meta property=\"og:image:height\" content=\"1024\" \/>\n\t<meta property=\"og:image:type\" content=\"image\/png\" \/>\n<meta name=\"author\" content=\"Hannah Waddell\" \/>\n<meta name=\"twitter:card\" content=\"summary_large_image\" \/>\n<meta name=\"twitter:label1\" content=\"Written by\" \/>\n\t<meta name=\"twitter:data1\" content=\"Hannah Waddell\" \/>\n\t<meta name=\"twitter:label2\" content=\"Est. reading time\" \/>\n\t<meta name=\"twitter:data2\" content=\"7 minutes\" \/>\n<script type=\"application\/ld+json\" class=\"yoast-schema-graph\">{\"@context\":\"https:\\\/\\\/schema.org\",\"@graph\":[{\"@type\":\"Article\",\"@id\":\"https:\\\/\\\/vicpark.com\\\/fr\\\/quest-ce-qui-cause-le-vieillissement-de-la-peau\\\/#article\",\"isPartOf\":{\"@id\":\"https:\\\/\\\/vicpark.com\\\/fr\\\/quest-ce-qui-cause-le-vieillissement-de-la-peau\\\/\"},\"author\":{\"name\":\"Hannah Waddell\",\"@id\":\"https:\\\/\\\/vicpark.com\\\/fr\\\/#\\\/schema\\\/person\\\/137b95facc14239f6ffdd1b17bfddfcc\"},\"headline\":\"Qu\u2019est-ce\u00a0qui cause le\u00a0vieillissement\u00a0de la\u00a0peau\u00a0?\",\"datePublished\":\"2026-04-28T15:28:07+00:00\",\"mainEntityOfPage\":{\"@id\":\"https:\\\/\\\/vicpark.com\\\/fr\\\/quest-ce-qui-cause-le-vieillissement-de-la-peau\\\/\"},\"wordCount\":1760,\"publisher\":{\"@id\":\"https:\\\/\\\/vicpark.com\\\/fr\\\/#organization\"},\"image\":{\"@id\":\"https:\\\/\\\/vicpark.com\\\/fr\\\/quest-ce-qui-cause-le-vieillissement-de-la-peau\\\/#primaryimage\"},\"thumbnailUrl\":\"https:\\\/\\\/vicpark.com\\\/wp-content\\\/uploads\\\/2025\\\/08\\\/170424_cell_6k-scaled.png\",\"articleSection\":[\"Non classifi\u00e9(e)\",\"Non classifi\u00e9(e)\"],\"inLanguage\":\"fr-FR\"},{\"@type\":\"WebPage\",\"@id\":\"https:\\\/\\\/vicpark.com\\\/fr\\\/quest-ce-qui-cause-le-vieillissement-de-la-peau\\\/\",\"url\":\"https:\\\/\\\/vicpark.com\\\/fr\\\/quest-ce-qui-cause-le-vieillissement-de-la-peau\\\/\",\"name\":\"Qu\u2019est-ce\u00a0qui cause le\u00a0vieillissement\u00a0de la\u00a0peau\u00a0?\",\"isPartOf\":{\"@id\":\"https:\\\/\\\/vicpark.com\\\/fr\\\/#website\"},\"primaryImageOfPage\":{\"@id\":\"https:\\\/\\\/vicpark.com\\\/fr\\\/quest-ce-qui-cause-le-vieillissement-de-la-peau\\\/#primaryimage\"},\"image\":{\"@id\":\"https:\\\/\\\/vicpark.com\\\/fr\\\/quest-ce-qui-cause-le-vieillissement-de-la-peau\\\/#primaryimage\"},\"thumbnailUrl\":\"https:\\\/\\\/vicpark.com\\\/wp-content\\\/uploads\\\/2025\\\/08\\\/170424_cell_6k-scaled.png\",\"datePublished\":\"2026-04-28T15:28:07+00:00\",\"description\":\"Que pouvez-vous contr\u00f4ler ? D\u00e9couvrez les facteurs des ridules et des rides, et comment les traitements peuvent aider.\",\"breadcrumb\":{\"@id\":\"https:\\\/\\\/vicpark.com\\\/fr\\\/quest-ce-qui-cause-le-vieillissement-de-la-peau\\\/#breadcrumb\"},\"inLanguage\":\"fr-FR\",\"potentialAction\":[{\"@type\":\"ReadAction\",\"target\":[\"https:\\\/\\\/vicpark.com\\\/fr\\\/quest-ce-qui-cause-le-vieillissement-de-la-peau\\\/\"]}]},{\"@type\":\"ImageObject\",\"inLanguage\":\"fr-FR\",\"@id\":\"https:\\\/\\\/vicpark.com\\\/fr\\\/quest-ce-qui-cause-le-vieillissement-de-la-peau\\\/#primaryimage\",\"url\":\"https:\\\/\\\/vicpark.com\\\/wp-content\\\/uploads\\\/2025\\\/08\\\/170424_cell_6k-scaled.png\",\"contentUrl\":\"https:\\\/\\\/vicpark.com\\\/wp-content\\\/uploads\\\/2025\\\/08\\\/170424_cell_6k-scaled.png\",\"width\":2160,\"height\":2560},{\"@type\":\"BreadcrumbList\",\"@id\":\"https:\\\/\\\/vicpark.com\\\/fr\\\/quest-ce-qui-cause-le-vieillissement-de-la-peau\\\/#breadcrumb\",\"itemListElement\":[{\"@type\":\"ListItem\",\"position\":1,\"name\":\"Accueil\",\"item\":\"https:\\\/\\\/vicpark.com\\\/fr\\\/\"},{\"@type\":\"ListItem\",\"position\":2,\"name\":\"Qu\u2019est-ce\u00a0qui cause le\u00a0vieillissement\u00a0de la\u00a0peau\u00a0?\"}]},{\"@type\":\"WebSite\",\"@id\":\"https:\\\/\\\/vicpark.com\\\/fr\\\/#website\",\"url\":\"https:\\\/\\\/vicpark.com\\\/fr\\\/\",\"name\":\"Victoria Park Medispa\",\"description\":\"\",\"publisher\":{\"@id\":\"https:\\\/\\\/vicpark.com\\\/fr\\\/#organization\"},\"potentialAction\":[{\"@type\":\"SearchAction\",\"target\":{\"@type\":\"EntryPoint\",\"urlTemplate\":\"https:\\\/\\\/vicpark.com\\\/fr\\\/?s={search_term_string}\"},\"query-input\":{\"@type\":\"PropertyValueSpecification\",\"valueRequired\":true,\"valueName\":\"search_term_string\"}}],\"inLanguage\":\"fr-FR\"},{\"@type\":\"Organization\",\"@id\":\"https:\\\/\\\/vicpark.com\\\/fr\\\/#organization\",\"name\":\"Victoria Park Medispa\",\"url\":\"https:\\\/\\\/vicpark.com\\\/fr\\\/\",\"logo\":{\"@type\":\"ImageObject\",\"inLanguage\":\"fr-FR\",\"@id\":\"https:\\\/\\\/vicpark.com\\\/fr\\\/#\\\/schema\\\/logo\\\/image\\\/\",\"url\":\"https:\\\/\\\/vicpark.com\\\/wp-content\\\/uploads\\\/2024\\\/08\\\/vp-medispa-HORIZONTAL-logo-black-fr.jpg\",\"contentUrl\":\"https:\\\/\\\/vicpark.com\\\/wp-content\\\/uploads\\\/2024\\\/08\\\/vp-medispa-HORIZONTAL-logo-black-fr.jpg\",\"width\":696,\"height\":696,\"caption\":\"Victoria Park Medispa\"},\"image\":{\"@id\":\"https:\\\/\\\/vicpark.com\\\/fr\\\/#\\\/schema\\\/logo\\\/image\\\/\"},\"sameAs\":[\"https:\\\/\\\/www.facebook.com\\\/VicParkMedispa\"]},{\"@type\":\"Person\",\"@id\":\"https:\\\/\\\/vicpark.com\\\/fr\\\/#\\\/schema\\\/person\\\/137b95facc14239f6ffdd1b17bfddfcc\",\"name\":\"Hannah Waddell\",\"image\":{\"@type\":\"ImageObject\",\"inLanguage\":\"fr-FR\",\"@id\":\"https:\\\/\\\/secure.gravatar.com\\\/avatar\\\/ca51d6a9dd3b1568e3b3375ccdff3b3f0aa62ca98a2fb61a6a8adbc9524cc2b9?s=96&d=mm&r=g\",\"url\":\"https:\\\/\\\/secure.gravatar.com\\\/avatar\\\/ca51d6a9dd3b1568e3b3375ccdff3b3f0aa62ca98a2fb61a6a8adbc9524cc2b9?s=96&d=mm&r=g\",\"contentUrl\":\"https:\\\/\\\/secure.gravatar.com\\\/avatar\\\/ca51d6a9dd3b1568e3b3375ccdff3b3f0aa62ca98a2fb61a6a8adbc9524cc2b9?s=96&d=mm&r=g\",\"caption\":\"Hannah Waddell\"},\"url\":\"https:\\\/\\\/vicpark.com\\\/fr\\\/author\\\/hwaddell\\\/\"}]}<\/script>\n<!-- \/ Yoast SEO plugin. -->","yoast_head_json":{"title":"Qu\u2019est-ce\u00a0qui cause le\u00a0vieillissement\u00a0de la\u00a0peau\u00a0?","description":"Que pouvez-vous contr\u00f4ler ? D\u00e9couvrez les facteurs des ridules et des rides, et comment les traitements peuvent aider.","robots":{"index":"index","follow":"follow","max-snippet":"max-snippet:-1","max-image-preview":"max-image-preview:large","max-video-preview":"max-video-preview:-1"},"canonical":"https:\/\/vicpark.com\/fr\/quest-ce-qui-cause-le-vieillissement-de-la-peau\/","og_locale":"fr_FR","og_type":"article","og_title":"Qu\u2019est-ce\u00a0qui cause le\u00a0vieillissement\u00a0de la\u00a0peau\u00a0?","og_description":"Que pouvez-vous contr\u00f4ler ? D\u00e9couvrez les facteurs des ridules et des rides, et comment les traitements peuvent aider.","og_url":"https:\/\/vicpark.com\/fr\/quest-ce-qui-cause-le-vieillissement-de-la-peau\/","og_site_name":"Victoria Park Medispa","article_publisher":"https:\/\/www.facebook.com\/VicParkMedispa","article_published_time":"2026-04-28T15:28:07+00:00","og_image":[{"width":864,"height":1024,"url":"https:\/\/vicpark.com\/wp-content\/uploads\/2025\/08\/170424_cell_6k-864x1024.png","type":"image\/png"}],"author":"Hannah Waddell","twitter_card":"summary_large_image","twitter_misc":{"Written by":"Hannah Waddell","Est. reading time":"7 minutes"},"schema":{"@context":"https:\/\/schema.org","@graph":[{"@type":"Article","@id":"https:\/\/vicpark.com\/fr\/quest-ce-qui-cause-le-vieillissement-de-la-peau\/#article","isPartOf":{"@id":"https:\/\/vicpark.com\/fr\/quest-ce-qui-cause-le-vieillissement-de-la-peau\/"},"author":{"name":"Hannah Waddell","@id":"https:\/\/vicpark.com\/fr\/#\/schema\/person\/137b95facc14239f6ffdd1b17bfddfcc"},"headline":"Qu\u2019est-ce\u00a0qui cause le\u00a0vieillissement\u00a0de la\u00a0peau\u00a0?","datePublished":"2026-04-28T15:28:07+00:00","mainEntityOfPage":{"@id":"https:\/\/vicpark.com\/fr\/quest-ce-qui-cause-le-vieillissement-de-la-peau\/"},"wordCount":1760,"publisher":{"@id":"https:\/\/vicpark.com\/fr\/#organization"},"image":{"@id":"https:\/\/vicpark.com\/fr\/quest-ce-qui-cause-le-vieillissement-de-la-peau\/#primaryimage"},"thumbnailUrl":"https:\/\/vicpark.com\/wp-content\/uploads\/2025\/08\/170424_cell_6k-scaled.png","articleSection":["Non classifi\u00e9(e)","Non classifi\u00e9(e)"],"inLanguage":"fr-FR"},{"@type":"WebPage","@id":"https:\/\/vicpark.com\/fr\/quest-ce-qui-cause-le-vieillissement-de-la-peau\/","url":"https:\/\/vicpark.com\/fr\/quest-ce-qui-cause-le-vieillissement-de-la-peau\/","name":"Qu\u2019est-ce\u00a0qui cause le\u00a0vieillissement\u00a0de la\u00a0peau\u00a0?","isPartOf":{"@id":"https:\/\/vicpark.com\/fr\/#website"},"primaryImageOfPage":{"@id":"https:\/\/vicpark.com\/fr\/quest-ce-qui-cause-le-vieillissement-de-la-peau\/#primaryimage"},"image":{"@id":"https:\/\/vicpark.com\/fr\/quest-ce-qui-cause-le-vieillissement-de-la-peau\/#primaryimage"},"thumbnailUrl":"https:\/\/vicpark.com\/wp-content\/uploads\/2025\/08\/170424_cell_6k-scaled.png","datePublished":"2026-04-28T15:28:07+00:00","description":"Que pouvez-vous contr\u00f4ler ? D\u00e9couvrez les facteurs des ridules et des rides, et comment les traitements peuvent aider.","breadcrumb":{"@id":"https:\/\/vicpark.com\/fr\/quest-ce-qui-cause-le-vieillissement-de-la-peau\/#breadcrumb"},"inLanguage":"fr-FR","potentialAction":[{"@type":"ReadAction","target":["https:\/\/vicpark.com\/fr\/quest-ce-qui-cause-le-vieillissement-de-la-peau\/"]}]},{"@type":"ImageObject","inLanguage":"fr-FR","@id":"https:\/\/vicpark.com\/fr\/quest-ce-qui-cause-le-vieillissement-de-la-peau\/#primaryimage","url":"https:\/\/vicpark.com\/wp-content\/uploads\/2025\/08\/170424_cell_6k-scaled.png","contentUrl":"https:\/\/vicpark.com\/wp-content\/uploads\/2025\/08\/170424_cell_6k-scaled.png","width":2160,"height":2560},{"@type":"BreadcrumbList","@id":"https:\/\/vicpark.com\/fr\/quest-ce-qui-cause-le-vieillissement-de-la-peau\/#breadcrumb","itemListElement":[{"@type":"ListItem","position":1,"name":"Accueil","item":"https:\/\/vicpark.com\/fr\/"},{"@type":"ListItem","position":2,"name":"Qu\u2019est-ce\u00a0qui cause le\u00a0vieillissement\u00a0de la\u00a0peau\u00a0?"}]},{"@type":"WebSite","@id":"https:\/\/vicpark.com\/fr\/#website","url":"https:\/\/vicpark.com\/fr\/","name":"Victoria Park Medispa","description":"","publisher":{"@id":"https:\/\/vicpark.com\/fr\/#organization"},"potentialAction":[{"@type":"SearchAction","target":{"@type":"EntryPoint","urlTemplate":"https:\/\/vicpark.com\/fr\/?s={search_term_string}"},"query-input":{"@type":"PropertyValueSpecification","valueRequired":true,"valueName":"search_term_string"}}],"inLanguage":"fr-FR"},{"@type":"Organization","@id":"https:\/\/vicpark.com\/fr\/#organization","name":"Victoria Park Medispa","url":"https:\/\/vicpark.com\/fr\/","logo":{"@type":"ImageObject","inLanguage":"fr-FR","@id":"https:\/\/vicpark.com\/fr\/#\/schema\/logo\/image\/","url":"https:\/\/vicpark.com\/wp-content\/uploads\/2024\/08\/vp-medispa-HORIZONTAL-logo-black-fr.jpg","contentUrl":"https:\/\/vicpark.com\/wp-content\/uploads\/2024\/08\/vp-medispa-HORIZONTAL-logo-black-fr.jpg","width":696,"height":696,"caption":"Victoria Park Medispa"},"image":{"@id":"https:\/\/vicpark.com\/fr\/#\/schema\/logo\/image\/"},"sameAs":["https:\/\/www.facebook.com\/VicParkMedispa"]},{"@type":"Person","@id":"https:\/\/vicpark.com\/fr\/#\/schema\/person\/137b95facc14239f6ffdd1b17bfddfcc","name":"Hannah Waddell","image":{"@type":"ImageObject","inLanguage":"fr-FR","@id":"https:\/\/secure.gravatar.com\/avatar\/ca51d6a9dd3b1568e3b3375ccdff3b3f0aa62ca98a2fb61a6a8adbc9524cc2b9?s=96&d=mm&r=g","url":"https:\/\/secure.gravatar.com\/avatar\/ca51d6a9dd3b1568e3b3375ccdff3b3f0aa62ca98a2fb61a6a8adbc9524cc2b9?s=96&d=mm&r=g","contentUrl":"https:\/\/secure.gravatar.com\/avatar\/ca51d6a9dd3b1568e3b3375ccdff3b3f0aa62ca98a2fb61a6a8adbc9524cc2b9?s=96&d=mm&r=g","caption":"Hannah Waddell"},"url":"https:\/\/vicpark.com\/fr\/author\/hwaddell\/"}]}},"taxonomy_info":{"category":[{"value":52,"label":"Non classifi\u00e9(e)"},{"value":52,"label":"Non classifi\u00e9(e)"}]},"featured_image_src_large":["https:\/\/vicpark.com\/wp-content\/uploads\/2025\/08\/170424_cell_6k-864x1024.png",864,1024,true],"author_info":{"display_name":"Hannah Waddell","author_link":"https:\/\/vicpark.com\/fr\/author\/hwaddell\/"},"comment_info":0,"category_info":[{"term_id":52,"name":"Non classifi\u00e9(e)","slug":"non-classifiee","term_group":0,"term_taxonomy_id":52,"taxonomy":"category","description":"","parent":0,"count":37,"filter":"raw","cat_ID":52,"category_count":37,"category_description":"","cat_name":"Non classifi\u00e9(e)","category_nicename":"non-classifiee","category_parent":0},{"term_id":52,"name":"Non classifi\u00e9(e)","slug":"non-classifiee","term_group":0,"term_taxonomy_id":52,"taxonomy":"category","description":"","parent":0,"count":37,"filter":"raw","cat_ID":52,"category_count":37,"category_description":"","cat_name":"Non classifi\u00e9(e)","category_nicename":"non-classifiee","category_parent":0}],"tag_info":false,"_links":{"self":[{"href":"https:\/\/vicpark.com\/fr\/wp-json\/wp\/v2\/posts\/17374","targetHints":{"allow":["GET"]}}],"collection":[{"href":"https:\/\/vicpark.com\/fr\/wp-json\/wp\/v2\/posts"}],"about":[{"href":"https:\/\/vicpark.com\/fr\/wp-json\/wp\/v2\/types\/post"}],"author":[{"embeddable":true,"href":"https:\/\/vicpark.com\/fr\/wp-json\/wp\/v2\/users\/17"}],"replies":[{"embeddable":true,"href":"https:\/\/vicpark.com\/fr\/wp-json\/wp\/v2\/comments?post=17374"}],"version-history":[{"count":8,"href":"https:\/\/vicpark.com\/fr\/wp-json\/wp\/v2\/posts\/17374\/revisions"}],"predecessor-version":[{"id":17665,"href":"https:\/\/vicpark.com\/fr\/wp-json\/wp\/v2\/posts\/17374\/revisions\/17665"}],"wp:featuredmedia":[{"embeddable":true,"href":"https:\/\/vicpark.com\/fr\/wp-json\/wp\/v2\/media\/10513"}],"wp:attachment":[{"href":"https:\/\/vicpark.com\/fr\/wp-json\/wp\/v2\/media?parent=17374"}],"wp:term":[{"taxonomy":"category","embeddable":true,"href":"https:\/\/vicpark.com\/fr\/wp-json\/wp\/v2\/categories?post=17374"},{"taxonomy":"post_tag","embeddable":true,"href":"https:\/\/vicpark.com\/fr\/wp-json\/wp\/v2\/tags?post=17374"}],"curies":[{"name":"wp","href":"https:\/\/api.w.org\/{rel}","templated":true}]}}